{"id":1575,"date":"2020-01-21T08:21:23","date_gmt":"2020-01-21T07:21:23","guid":{"rendered":"https:\/\/aeorum.com\/?p=1575"},"modified":"2020-01-27T07:55:02","modified_gmt":"2020-01-27T06:55:02","slug":"17-febrero-2017","status":"publish","type":"post","link":"https:\/\/aeorum.com\/index.php\/2020\/01\/21\/17-febrero-2017\/?lang=es","title":{"rendered":"17 febrero 2017"},"content":{"rendered":"\n<h2 class=\"wp-block-heading\">Interior usar\u00e1 drones para proteger la valla de Ceuta <\/h2>\n\n\n\n<h3 class=\"wp-block-heading\">Url<\/h3>\n\n\n\n<p><a href=\"https:\/\/www.laopiniondemalaga.es\/malaga\/2017\/02\/17\/interior-estudia-drones-empresa-malaguena\/910600.html\" target=\"_blank\" rel=\"noreferrer noopener\" aria-label=\" (opens in a new tab)\">https:\/\/www.laopiniondemalaga.es\/malaga\/2017\/02\/17\/interior-estudia-drones-empresa-malaguena\/910600.html<\/a><\/p>\n\n\n\n<p><a href=\"https:\/\/www.lainformacion.com\/politica\/defensa\/Nieto-Ceuta-diciembre-adelantar-proyectos_0_1000400517.html\" target=\"_blank\" rel=\"noreferrer noopener\" aria-label=\" (opens in a new tab)\">https:\/\/www.lainformacion.com\/politica\/defensa\/Nieto-Ceuta-diciembre-adelantar-proyectos_0_1000400517.html<\/a><\/p>\n\n\n\n<p><a href=\"https:\/\/www.europapress.es\/andalucia\/malaga-00356\/noticia-interior-destaca-importancia-aplicacion-tecnologia-drones-mejorar-seguridad-20170217151150.html\" target=\"_blank\" rel=\"noreferrer noopener\" aria-label=\" (opens in a new tab)\">https:\/\/www.europapress.es\/andalucia\/malaga-00356\/noticia-interior-destaca-importancia-aplicacion-tecnologia-drones-mejorar-seguridad-20170217151150.html<\/a><\/p>\n\n\n\n<p><a href=\"https:\/\/www.malagahoy.es\/malaga\/Interior-dron-Aeorum-Malaga-Ceuta-valla-JoseAntonioNieto-Seguridad_0_1109889700.html\" target=\"_blank\" rel=\"noreferrer noopener\" aria-label=\" (opens in a new tab)\">https:\/\/www.malagahoy.es\/malaga\/Interior-dron-Aeorum-Malaga-Ceuta-valla-JoseAntonioNieto-Seguridad_0_1109889700.html<\/a><\/p>\n\n\n\n<p><a href=\"https:\/\/www.diariosur.es\/economia\/empresas-malaguenas\/201702\/17\/interior-estudia-utilizar-drones-20170217125410.html\" target=\"_blank\" rel=\"noreferrer noopener\" aria-label=\" (opens in a new tab)\">https:\/\/www.diariosur.es\/economia\/empresas-malaguenas\/201702\/17\/interior-estudia-utilizar-drones-20170217125410.html<\/a><\/p>\n\n\n\n<p><a href=\"https:\/\/www.lavanguardia.com\/vida\/20170217\/4297825796\/nieto-dice-que-el-salto-en-ceuta-ha-sido-en-la-misma-zona-de-diciembre-y-que-se-trabaja-para-adelantar-proyectos.html\" target=\"_blank\" rel=\"noreferrer noopener\" aria-label=\" (opens in a new tab)\">https:\/\/www.lavanguardia.com\/vida\/20170217\/4297825796\/nieto-dice-que-el-salto-en-ceuta-ha-sido-en-la-misma-zona-de-diciembre-y-que-se-trabaja-para-adelantar-proyectos.html<\/a><\/p>\n\n\n\n<p><a href=\"https:\/\/sevilla.abc.es\/andalucia\/malaga\/sevi-drones-andaluces-firmes-para-patrullar-europa-201702180832_noticia.html\" target=\"_blank\" rel=\"noreferrer noopener\" aria-label=\" (opens in a new tab)\">https:\/\/sevilla.abc.es\/andalucia\/malaga\/sevi-drones-andaluces-firmes-para-patrullar-europa-201702180832_noticia.html<\/a><\/p>\n\n\n\n<p><a href=\"https:\/\/www.libertaddigital.com\/espana\/2017-02-17\/interior-usara-drones-para-proteger-la-valla-fronteriza-de-ceuta-1276592983\/\" target=\"_blank\" rel=\"noreferrer noopener\" aria-label=\" (opens in a new tab)\">https:\/\/www.libertaddigital.com\/espana\/2017-02-17\/interior-usara-drones-para-proteger-la-valla-fronteriza-de-ceuta-1276592983\/<\/a><\/p>\n\n\n\n<p><a href=\"https:\/\/www.eldiario.es\/desalambre\/Gobierno-utilizar-drones-vigilar-Ceuta_0_615588911.html\" target=\"_blank\" rel=\"noreferrer noopener\" aria-label=\" (opens in a new tab)\">https:\/\/www.eldiario.es\/desalambre\/Gobierno-utilizar-drones-vigilar-Ceuta_0_615588911.html<\/a><\/p>\n\n\n\n<h3 class=\"wp-block-heading\">Medio de prensa<\/h3>\n\n\n\n<p>La Opini\u00f3n de M\u00e1laga, La informaci\u00f3n.com, Europa press, M\u00e1laga Hoy, Sur, La Vanguardia, ABC Andaluc\u00eda M\u00e1laga, Libertad Digital, El Faro Ceuta, El diario.es <\/p>\n\n\n\n<h3 class=\"wp-block-heading\" id=\"mce_3\">Documento<\/h3>\n\n\n\n<div class=\"wp-block-file\"><a href=\"https:\/\/aeorum.com\/wp-content\/uploads\/2020\/01\/La-Opinion-de-Malaga-17-febrero-2017.png\">La Opinion de Malaga &#8211; 17 febrero 2017<\/a><a href=\"https:\/\/aeorum.com\/wp-content\/uploads\/2020\/01\/La-Opinion-de-Malaga-17-febrero-2017.png\" class=\"wp-block-file__button\" download>Download<\/a><\/div>\n\n\n\n<div class=\"wp-block-file\"><a href=\"https:\/\/aeorum.com\/wp-content\/uploads\/2020\/01\/La-informacion-17-febrero-2017.png\">La informacion &#8211; 17 febrero 2017<\/a><a href=\"https:\/\/aeorum.com\/wp-content\/uploads\/2020\/01\/La-informacion-17-febrero-2017.png\" class=\"wp-block-file__button\" download>Download<\/a><\/div>\n\n\n\n<div class=\"wp-block-file\"><a href=\"https:\/\/aeorum.com\/wp-content\/uploads\/2020\/01\/Europa-press-17-febrero-2017.png\">Europa press &#8211; 17 febrero 2017<\/a><a href=\"https:\/\/aeorum.com\/wp-content\/uploads\/2020\/01\/Europa-press-17-febrero-2017.png\" class=\"wp-block-file__button\" download>Download<\/a><\/div>\n\n\n\n<div class=\"wp-block-file\"><a href=\"https:\/\/aeorum.com\/wp-content\/uploads\/2020\/01\/Malaga-Hoy-17-febrero-2017.png\">Malaga Hoy &#8211; 17 febrero 2017<\/a><a href=\"https:\/\/aeorum.com\/wp-content\/uploads\/2020\/01\/Malaga-Hoy-17-febrero-2017.png\" class=\"wp-block-file__button\" download>Download<\/a><\/div>\n\n\n\n<div class=\"wp-block-file\"><a href=\"https:\/\/aeorum.com\/wp-content\/uploads\/2020\/01\/Sur-17-febrero-2017.png\">Sur &#8211; 17 febrero 2017<\/a><a href=\"https:\/\/aeorum.com\/wp-content\/uploads\/2020\/01\/Sur-17-febrero-2017.png\" class=\"wp-block-file__button\" download>Download<\/a><\/div>\n\n\n\n<div class=\"wp-block-file\"><a href=\"https:\/\/aeorum.com\/wp-content\/uploads\/2020\/01\/La-Vanguardia-17-febrero-2017.png\">La Vanguardia &#8211; 17 febrero 2017<\/a><a href=\"https:\/\/aeorum.com\/wp-content\/uploads\/2020\/01\/La-Vanguardia-17-febrero-2017.png\" class=\"wp-block-file__button\" download>Download<\/a><\/div>\n\n\n\n<div class=\"wp-block-file\"><a href=\"https:\/\/aeorum.com\/wp-content\/uploads\/2020\/01\/ABC-andalucia-17-febrero-2017.png\">ABC andalucia &#8211; 17 febrero 2017<\/a><a href=\"https:\/\/aeorum.com\/wp-content\/uploads\/2020\/01\/ABC-andalucia-17-febrero-2017.png\" class=\"wp-block-file__button\" download>Download<\/a><\/div>\n\n\n\n<div class=\"wp-block-file\"><a href=\"https:\/\/aeorum.com\/wp-content\/uploads\/2020\/01\/Libertad-Digital-17-febrero-2017.png\">Libertad Digital &#8211; 17 febrero 2017<\/a><a href=\"https:\/\/aeorum.com\/wp-content\/uploads\/2020\/01\/Libertad-Digital-17-febrero-2017.png\" class=\"wp-block-file__button\" download>Download<\/a><\/div>\n\n\n\n<div class=\"wp-block-file\"><a href=\"https:\/\/aeorum.com\/wp-content\/uploads\/2020\/01\/El-diario-17-febrero-2017.png\">El diario &#8211; 17 febrero 2017<\/a><a href=\"https:\/\/aeorum.com\/wp-content\/uploads\/2020\/01\/El-diario-17-febrero-2017.png\" class=\"wp-block-file__button\" download>Download<\/a><\/div>\n","protected":false},"excerpt":{"rendered":"<p>Interior usar\u00e1 drones para proteger la valla de Ceuta<\/p>\n","protected":false},"author":1,"featured_media":0,"comment_status":"closed","ping_status":"open","sticky":false,"template":"","format":"standard","meta":{"footnotes":""},"categories":[17],"tags":[],"class_list":["post-1575","post","type-post","status-publish","format-standard","hentry","category-noticias-es"],"_links":{"self":[{"href":"https:\/\/aeorum.com\/index.php\/wp-json\/wp\/v2\/posts\/1575","targetHints":{"allow":["GET"]}}],"collection":[{"href":"https:\/\/aeorum.com\/index.php\/wp-json\/wp\/v2\/posts"}],"about":[{"href":"https:\/\/aeorum.com\/index.php\/wp-json\/wp\/v2\/types\/post"}],"author":[{"embeddable":true,"href":"https:\/\/aeorum.com\/index.php\/wp-json\/wp\/v2\/users\/1"}],"replies":[{"embeddable":true,"href":"https:\/\/aeorum.com\/index.php\/wp-json\/wp\/v2\/comments?post=1575"}],"version-history":[{"count":3,"href":"https:\/\/aeorum.com\/index.php\/wp-json\/wp\/v2\/posts\/1575\/revisions"}],"predecessor-version":[{"id":2006,"href":"https:\/\/aeorum.com\/index.php\/wp-json\/wp\/v2\/posts\/1575\/revisions\/2006"}],"wp:attachment":[{"href":"https:\/\/aeorum.com\/index.php\/wp-json\/wp\/v2\/media?parent=1575"}],"wp:term":[{"taxonomy":"category","embeddable":true,"href":"https:\/\/aeorum.com\/index.php\/wp-json\/wp\/v2\/categories?post=1575"},{"taxonomy":"post_tag","embeddable":true,"href":"https:\/\/aeorum.com\/index.php\/wp-json\/wp\/v2\/tags?post=1575"}],"curies":[{"name":"wp","href":"https:\/\/api.w.org\/{rel}","templated":true}]}}