{"id":1595,"date":"2020-01-21T08:24:48","date_gmt":"2020-01-21T07:24:48","guid":{"rendered":"https:\/\/aeorum.com\/?p=1595"},"modified":"2020-01-27T07:55:01","modified_gmt":"2020-01-27T06:55:01","slug":"30-agosto-2019","status":"publish","type":"post","link":"https:\/\/aeorum.com\/index.php\/2020\/01\/21\/30-agosto-2019\/?lang=es","title":{"rendered":"30 agosto 2019"},"content":{"rendered":"\n<h2 class=\"wp-block-heading\">El Gobierno blinda la Zarzuela, Moncloa y las Cortes contra el ataque de drones <\/h2>\n\n\n\n<h3 class=\"wp-block-heading\">Url<\/h3>\n\n\n\n<p><a href=\"https:\/\/www.efe.com\/efe\/espana\/politica\/interior-blinda-zarzuela-moncloa-y-cortes-a-drones-que-amenacen-su-seguridad\/10002-4053069\" target=\"_blank\" rel=\"noreferrer noopener\" aria-label=\" (opens in a new tab)\">https:\/\/www.efe.com\/efe\/espana\/politica\/interior-blinda-zarzuela-moncloa-y-cortes-a-drones-que-amenacen-su-seguridad\/10002-4053069<\/a><\/p>\n\n\n\n<p><a href=\"https:\/\/elpais.com\/politica\/2019\/08\/30\/actualidad\/1567158464_404517.html\" target=\"_blank\" rel=\"noreferrer noopener\" aria-label=\" (opens in a new tab)\">https:\/\/elpais.com\/politica\/2019\/08\/30\/actualidad\/1567158464_404517.html<\/a><\/p>\n\n\n\n<p><a href=\"https:\/\/www.elmundo.es\/espana\/2019\/08\/30\/5d69415a21efa0ce108b45f1.html\" target=\"_blank\" rel=\"noreferrer noopener\" aria-label=\" (opens in a new tab)\">https:\/\/www.elmundo.es\/espana\/2019\/08\/30\/5d69415a21efa0ce108b45f1.html<\/a><\/p>\n\n\n\n<p><a href=\"https:\/\/www.abc.es\/espana\/abci-gobierno-blinda-edificios-institucionales-como-cortes-o-zarzuela-contra-ataque-drones-201908302003_noticia.html\" target=\"_blank\" rel=\"noreferrer noopener\" aria-label=\" (opens in a new tab)\">https:\/\/www.abc.es\/espana\/abci-gobierno-blinda-edificios-institucionales-como-cortes-o-zarzuela-contra-ataque-drones-201908302003_noticia.html<\/a><\/p>\n\n\n\n<p><a href=\"https:\/\/www.larazon.es\/espana\/el-gobierno-blinda-zarzuela-moncloa-y-las-cortes-contra-los-drones-AE24751089\" target=\"_blank\" rel=\"noreferrer noopener\" aria-label=\" (opens in a new tab)\">https:\/\/www.larazon.es\/espana\/el-gobierno-blinda-zarzuela-moncloa-y-las-cortes-contra-los-drones-AE24751089<\/a><\/p>\n\n\n\n<p><a href=\"https:\/\/www.expansion.com\/economia\/politica\/2019\/08\/30\/5d68bbc1468aeb553a8b470d.html\" target=\"_blank\" rel=\"noreferrer noopener\" aria-label=\" (opens in a new tab)\">https:\/\/www.expansion.com\/economia\/politica\/2019\/08\/30\/5d68bbc1468aeb553a8b470d.html<\/a><\/p>\n\n\n\n<p><a href=\"https:\/\/www.cope.es\/actualidad\/espana\/noticias\/interior-blinda-zarzuela-moncloa-las-cortes-ante-amenaza-los-drones-20190830_487436\" target=\"_blank\" rel=\"noreferrer noopener\" aria-label=\" (opens in a new tab)\">https:\/\/www.cope.es\/actualidad\/espana\/noticias\/interior-blinda-zarzuela-moncloa-las-cortes-ante-amenaza-los-drones-20190830_487436<\/a><\/p>\n\n\n\n<p><a href=\"https:\/\/www.eldiario.es\/politica\/Interior-Zarzuela-Moncloa-Cortes-seguridad_0_936856349.html\" target=\"_blank\" rel=\"noreferrer noopener\" aria-label=\" (opens in a new tab)\">https:\/\/www.eldiario.es\/politica\/Interior-Zarzuela-Moncloa-Cortes-seguridad_0_936856349.html<\/a><\/p>\n\n\n\n<p><a href=\"http:\/\/www.telemadrid.es\/noticias\/nacional\/Interior-Zarzuela-Moncloa-Cortes-seguridad-0-2154084571--20190830090417.html\" target=\"_blank\" rel=\"noreferrer noopener\" aria-label=\" (opens in a new tab)\">http:\/\/www.telemadrid.es\/noticias\/nacional\/Interior-Zarzuela-Moncloa-Cortes-seguridad-0-2154084571&#8211;20190830090417.html<\/a><\/p>\n\n\n\n<p><a href=\"https:\/\/www.eleconomista.es\/politica\/noticias\/10060580\/08\/19\/Interior-blinda-Zarzuela-Moncloa-y-las-Cortes-de-drones-que-amenacen-su-seguridad.html\" target=\"_blank\" rel=\"noreferrer noopener\" aria-label=\" (opens in a new tab)\">https:\/\/www.eleconomista.es\/politica\/noticias\/10060580\/08\/19\/Interior-blinda-Zarzuela-Moncloa-y-las-Cortes-de-drones-que-amenacen-su-seguridad.html<\/a><\/p>\n\n\n\n<p><a href=\"https:\/\/www.publico.es\/ciencias\/drones-interior-blinda-zarzuela-moncloa-cortes-drones-amenacen-seguridad.html\" target=\"_blank\" rel=\"noreferrer noopener\" aria-label=\" (opens in a new tab)\">https:\/\/www.publico.es\/ciencias\/drones-interior-blinda-zarzuela-moncloa-cortes-drones-amenacen-seguridad.html<\/a><\/p>\n\n\n\n<p><a href=\"https:\/\/okdiario.com\/espana\/interior-blinda-zarzuela-moncloa-cortes-contra-drones-que-amenacen-seguridad-4515905\" target=\"_blank\" rel=\"noreferrer noopener\" aria-label=\" (opens in a new tab)\">https:\/\/okdiario.com\/espana\/interior-blinda-zarzuela-moncloa-cortes-contra-drones-que-amenacen-seguridad-4515905<\/a><\/p>\n\n\n\n<p><a href=\"https:\/\/www.heraldo.es\/noticias\/nacional\/2019\/08\/30\/interior-blinda-zarzuela-moncloa-y-cortes-a-drones-que-amenacen-su-seguridad-1331829.html\" target=\"_blank\" rel=\"noreferrer noopener\" aria-label=\" (opens in a new tab)\">https:\/\/www.heraldo.es\/noticias\/nacional\/2019\/08\/30\/interior-blinda-zarzuela-moncloa-y-cortes-a-drones-que-amenacen-su-seguridad-1331829.html<\/a><\/p>\n\n\n\n<p><a href=\"https:\/\/www.noticanarias.com\/interior-blinda-zarzuela-moncloa-y-las-cortes-a-drones-que-amenacen-su-seguridad\/\" target=\"_blank\" rel=\"noreferrer noopener\" aria-label=\" (opens in a new tab)\">https:\/\/www.noticanarias.com\/interior-blinda-zarzuela-moncloa-y-las-cortes-a-drones-que-amenacen-su-seguridad\/<\/a><\/p>\n\n\n\n<h3 class=\"wp-block-heading\">Medio de prensa<\/h3>\n\n\n\n<p>Agencia EFE, El Pa\u00eds, El Mundo, ABC, La Raz\u00f3n, Expansi\u00f3n, COPE, Eldiario.es, TeleMadrid, El Economista.es, P\u00fablico, Ok diario, Heraldo, Noticias Canarias <\/p>\n\n\n\n<h3 class=\"wp-block-heading\" id=\"mce_3\">Documento<\/h3>\n\n\n\n<div class=\"wp-block-file\"><a href=\"https:\/\/aeorum.com\/wp-content\/uploads\/2020\/01\/EFE-30-agosto-2019.png\">EFE &#8211; 30 agosto 2019<\/a><a href=\"https:\/\/aeorum.com\/wp-content\/uploads\/2020\/01\/EFE-30-agosto-2019.png\" class=\"wp-block-file__button\" download>Download<\/a><\/div>\n\n\n\n<div class=\"wp-block-file\"><a href=\"https:\/\/aeorum.com\/wp-content\/uploads\/2020\/01\/El-Pais-30-agosto-2019.png\">El Pais &#8211; 30 agosto 2019<\/a><a href=\"https:\/\/aeorum.com\/wp-content\/uploads\/2020\/01\/El-Pais-30-agosto-2019.png\" class=\"wp-block-file__button\" download>Download<\/a><\/div>\n\n\n\n<div class=\"wp-block-file\"><a href=\"https:\/\/aeorum.com\/wp-content\/uploads\/2020\/01\/El-Mundo-30-agosto-2019.png\">El Mundo &#8211; 30 agosto 2019<\/a><a href=\"https:\/\/aeorum.com\/wp-content\/uploads\/2020\/01\/El-Mundo-30-agosto-2019.png\" class=\"wp-block-file__button\" download>Download<\/a><\/div>\n\n\n\n<div class=\"wp-block-file\"><a href=\"https:\/\/aeorum.com\/wp-content\/uploads\/2020\/01\/ABC-30-agosto-2019.png\">ABC &#8211; 30 agosto 2019<\/a><a href=\"https:\/\/aeorum.com\/wp-content\/uploads\/2020\/01\/ABC-30-agosto-2019.png\" class=\"wp-block-file__button\" download>Download<\/a><\/div>\n\n\n\n<div class=\"wp-block-file\"><a href=\"https:\/\/aeorum.com\/wp-content\/uploads\/2020\/01\/La-razon-30-agosto-2019.png\">La razon &#8211; 30 agosto 2019<\/a><a href=\"https:\/\/aeorum.com\/wp-content\/uploads\/2020\/01\/La-razon-30-agosto-2019.png\" class=\"wp-block-file__button\" download>Download<\/a><\/div>\n\n\n\n<div class=\"wp-block-file\"><a href=\"https:\/\/aeorum.com\/wp-content\/uploads\/2020\/01\/Expansion-30-agosto-2019.png\">Expansion &#8211; 30 agosto 2019<\/a><a href=\"https:\/\/aeorum.com\/wp-content\/uploads\/2020\/01\/Expansion-30-agosto-2019.png\" class=\"wp-block-file__button\" download>Download<\/a><\/div>\n\n\n\n<div class=\"wp-block-file\"><a href=\"https:\/\/aeorum.com\/wp-content\/uploads\/2020\/01\/COPE-30-agosto-2019.png\">COPE &#8211; 30 agosto 2019<\/a><a href=\"https:\/\/aeorum.com\/wp-content\/uploads\/2020\/01\/COPE-30-agosto-2019.png\" class=\"wp-block-file__button\" download>Download<\/a><\/div>\n\n\n\n<div class=\"wp-block-file\"><a href=\"https:\/\/aeorum.com\/wp-content\/uploads\/2020\/01\/El-diario-30-agosto-2019.png\">El diario &#8211; 30 agosto 2019<\/a><a href=\"https:\/\/aeorum.com\/wp-content\/uploads\/2020\/01\/El-diario-30-agosto-2019.png\" class=\"wp-block-file__button\" download>Download<\/a><\/div>\n\n\n\n<div class=\"wp-block-file\"><a href=\"https:\/\/aeorum.com\/wp-content\/uploads\/2020\/01\/Telemadrid-30-agosto-2019.png\">Telemadrid &#8211; 30 agosto 2019<\/a><a href=\"https:\/\/aeorum.com\/wp-content\/uploads\/2020\/01\/Telemadrid-30-agosto-2019.png\" class=\"wp-block-file__button\" download>Download<\/a><\/div>\n\n\n\n<div class=\"wp-block-file\"><a href=\"https:\/\/aeorum.com\/wp-content\/uploads\/2020\/01\/El-economista-30-agosto-2019.png\">El economista &#8211; 30 agosto 2019<\/a><a href=\"https:\/\/aeorum.com\/wp-content\/uploads\/2020\/01\/El-economista-30-agosto-2019.png\" class=\"wp-block-file__button\" download>Download<\/a><\/div>\n\n\n\n<div class=\"wp-block-file\"><a href=\"https:\/\/aeorum.com\/wp-content\/uploads\/2020\/01\/Publico-30-agosto-2019.png\">Publico &#8211; 30 agosto 2019<\/a><a href=\"https:\/\/aeorum.com\/wp-content\/uploads\/2020\/01\/Publico-30-agosto-2019.png\" class=\"wp-block-file__button\" download>Download<\/a><\/div>\n\n\n\n<div class=\"wp-block-file\"><a href=\"https:\/\/aeorum.com\/wp-content\/uploads\/2020\/01\/Okdiario-30-agosto-2019.png\">Okdiario &#8211; 30 agosto 2019<\/a><a href=\"https:\/\/aeorum.com\/wp-content\/uploads\/2020\/01\/Okdiario-30-agosto-2019.png\" class=\"wp-block-file__button\" download>Download<\/a><\/div>\n\n\n\n<div class=\"wp-block-file\"><a href=\"https:\/\/aeorum.com\/wp-content\/uploads\/2020\/01\/Heraldo-30-agosto-2019.png\">Heraldo &#8211; 30 agosto 2019<\/a><a href=\"https:\/\/aeorum.com\/wp-content\/uploads\/2020\/01\/Heraldo-30-agosto-2019.png\" class=\"wp-block-file__button\" download>Download<\/a><\/div>\n\n\n\n<div class=\"wp-block-file\"><a href=\"https:\/\/aeorum.com\/wp-content\/uploads\/2020\/01\/Noticias-canarias-30-agosto-2019.png\">Noticias canarias &#8211; 30 agosto 2019<\/a><a href=\"https:\/\/aeorum.com\/wp-content\/uploads\/2020\/01\/Noticias-canarias-30-agosto-2019.png\" class=\"wp-block-file__button\" download>Download<\/a><\/div>\n","protected":false},"excerpt":{"rendered":"<p>El Gobierno blinda la Zarzuela, Moncloa y las Cortes contra el ataque de drones<\/p>\n","protected":false},"author":1,"featured_media":0,"comment_status":"closed","ping_status":"open","sticky":false,"template":"","format":"standard","meta":{"footnotes":""},"categories":[17],"tags":[],"class_list":["post-1595","post","type-post","status-publish","format-standard","hentry","category-noticias-es"],"_links":{"self":[{"href":"https:\/\/aeorum.com\/index.php\/wp-json\/wp\/v2\/posts\/1595","targetHints":{"allow":["GET"]}}],"collection":[{"href":"https:\/\/aeorum.com\/index.php\/wp-json\/wp\/v2\/posts"}],"about":[{"href":"https:\/\/aeorum.com\/index.php\/wp-json\/wp\/v2\/types\/post"}],"author":[{"embeddable":true,"href":"https:\/\/aeorum.com\/index.php\/wp-json\/wp\/v2\/users\/1"}],"replies":[{"embeddable":true,"href":"https:\/\/aeorum.com\/index.php\/wp-json\/wp\/v2\/comments?post=1595"}],"version-history":[{"count":3,"href":"https:\/\/aeorum.com\/index.php\/wp-json\/wp\/v2\/posts\/1595\/revisions"}],"predecessor-version":[{"id":1997,"href":"https:\/\/aeorum.com\/index.php\/wp-json\/wp\/v2\/posts\/1595\/revisions\/1997"}],"wp:attachment":[{"href":"https:\/\/aeorum.com\/index.php\/wp-json\/wp\/v2\/media?parent=1595"}],"wp:term":[{"taxonomy":"category","embeddable":true,"href":"https:\/\/aeorum.com\/index.php\/wp-json\/wp\/v2\/categories?post=1595"},{"taxonomy":"post_tag","embeddable":true,"href":"https:\/\/aeorum.com\/index.php\/wp-json\/wp\/v2\/tags?post=1595"}],"curies":[{"name":"wp","href":"https:\/\/api.w.org\/{rel}","templated":true}]}}