{"id":1597,"date":"2020-01-21T08:25:07","date_gmt":"2020-01-21T07:25:07","guid":{"rendered":"https:\/\/aeorum.com\/?p=1597"},"modified":"2020-01-27T07:55:01","modified_gmt":"2020-01-27T06:55:01","slug":"19-septiembre-2019","status":"publish","type":"post","link":"https:\/\/aeorum.com\/index.php\/2020\/01\/21\/19-septiembre-2019\/?lang=es","title":{"rendered":"19 septiembre 2019"},"content":{"rendered":"\n<h2 class=\"wp-block-heading\">Telef\u00f3nica, DGT y SEAT se unen para poner la tecnolog\u00eda IOT al servicio de la seguridad de los ciclistas en la carretera con la colaboraci\u00f3n de Ficosa y Aeorum <\/h2>\n\n\n\n<h3 class=\"wp-block-heading\">Url<\/h3>\n\n\n\n<p><a href=\"https:\/\/www.telefonica.com\/es\/web\/sala-de-prensa\/-\/telefonica-dgt-y-seat-se-unen-para-poner-la-tecnologia-iot-al-servicio-de-la-seguridad-de-los-ciclistas-en-la-carretera\" target=\"_blank\" rel=\"noreferrer noopener\" aria-label=\" (opens in a new tab)\">https:\/\/www.telefonica.com\/es\/web\/sala-de-prensa\/-\/telefonica-dgt-y-seat-se-unen-para-poner-la-tecnologia-iot-al-servicio-de-la-seguridad-de-los-ciclistas-en-la-carretera<\/a><\/p>\n\n\n\n<p><a href=\"https:\/\/www.mundodeportivo.com\/ciclismo\/20190912\/47312399069\/la-direccion-general-de-trafico-presenta-la-ultima-tecnologia-para-proteger-a-los-ciclistas.html\" target=\"_blank\" rel=\"noreferrer noopener\" aria-label=\" (opens in a new tab)\">https:\/\/www.mundodeportivo.com\/ciclismo\/20190912\/47312399069\/la-direccion-general-de-trafico-presenta-la-ultima-tecnologia-para-proteger-a-los-ciclistas.html<\/a><\/p>\n\n\n\n<p><a href=\"https:\/\/cadenaser.com\/emisora\/2019\/09\/12\/ser_madrid_norte\/1568298295_177057.html\" target=\"_blank\" rel=\"noreferrer noopener\" aria-label=\" (opens in a new tab)\">https:\/\/cadenaser.com\/emisora\/2019\/09\/12\/ser_madrid_norte\/1568298295_177057.html<\/a><\/p>\n\n\n\n<p><a href=\"https:\/\/www.seat-mediacenter.es\/newspage\/allnews\/company\/2019\/Telefonica-DGT-y-SEAT-se-unen-para-poner-la-tecnologia-IoT-al-servicio-de-la-seguridad-de-los-ciclistas-en-la-carretera.html\" target=\"_blank\" rel=\"noreferrer noopener\" aria-label=\" (opens in a new tab)\">https:\/\/www.seat-mediacenter.es\/newspage\/allnews\/company\/2019\/Telefonica-DGT-y-SEAT-se-unen-para-poner-la-tecnologia-IoT-al-servicio-de-la-seguridad-de-los-ciclistas-en-la-carretera.html<\/a><\/p>\n\n\n\n<p><a href=\"https:\/\/www.eleconomista.es\/tecnologia\/noticias\/10081517\/09\/19\/Telefonica-dotara-a-los-conductores-de-un-sexto-sentido-para-evitar-accidentes-de-ciclistas.html\" target=\"_blank\" rel=\"noreferrer noopener\" aria-label=\" (opens in a new tab)\">https:\/\/www.eleconomista.es\/tecnologia\/noticias\/10081517\/09\/19\/Telefonica-dotara-a-los-conductores-de-un-sexto-sentido-para-evitar-accidentes-de-ciclistas.html<\/a><\/p>\n\n\n\n<p><a href=\"https:\/\/www.elespanol.com\/economia\/empresas\/20190912\/telefonica-dgt-seat-mejorar-seguridad-ciclistas-iot\/428707559_0.html\" target=\"_blank\" rel=\"noreferrer noopener\" aria-label=\" (opens in a new tab)\">https:\/\/www.elespanol.com\/economia\/empresas\/20190912\/telefonica-dgt-seat-mejorar-seguridad-ciclistas-iot\/428707559_0.html<\/a><\/p>\n\n\n\n<p><a href=\"https:\/\/www.larazon.es\/tecnologia\/sistema-de-avisos-en-carretera-tecnologia-que-evita-accidentes-OO24913580\/\" target=\"_blank\" rel=\"noreferrer noopener\" aria-label=\" (opens in a new tab)\">https:\/\/www.larazon.es\/tecnologia\/sistema-de-avisos-en-carretera-tecnologia-que-evita-accidentes-OO24913580\/<\/a><\/p>\n\n\n\n<p><a href=\"https:\/\/www.motorpasion.com\/tecnologia\/dgt-seat-telefonica-quieren-unir-coches-conectados-internet-cosas-para-reducir-siniestralidad\" target=\"_blank\" rel=\"noreferrer noopener\" aria-label=\" (opens in a new tab)\">https:\/\/www.motorpasion.com\/tecnologia\/dgt-seat-telefonica-quieren-unir-coches-conectados-internet-cosas-para-reducir-siniestralidad<\/a><\/p>\n\n\n\n<p><a href=\"https:\/\/eldiadigital.es\/art\/304454\/telefonica-dgt-y-seat-se-unen-para-mejorar-la-seguridad-de-los-ciclistas\" target=\"_blank\" rel=\"noreferrer noopener\" aria-label=\" (opens in a new tab)\">https:\/\/eldiadigital.es\/art\/304454\/telefonica-dgt-y-seat-se-unen-para-mejorar-la-seguridad-de-los-ciclistas<\/a><\/p>\n\n\n\n<p><a href=\"https:\/\/www.xatakamovil.com\/conectividad\/telefonica-se-une-a-dgt-seat-para-explicar-como-internet-cosas-puede-ayudar-seguridad-vial\" target=\"_blank\" rel=\"noreferrer noopener\" aria-label=\" (opens in a new tab)\">https:\/\/www.xatakamovil.com\/conectividad\/telefonica-se-une-a-dgt-seat-para-explicar-como-internet-cosas-puede-ayudar-seguridad-vial<\/a><\/p>\n\n\n\n<p><a href=\"https:\/\/www.zonamovilidad.es\/dgt-3.0-sistema-iot-de-aviso-de-riesgos-en-carretera.html\" target=\"_blank\" rel=\"noreferrer noopener\" aria-label=\" (opens in a new tab)\">https:\/\/www.zonamovilidad.es\/dgt-3.0-sistema-iot-de-aviso-de-riesgos-en-carretera.html<\/a><\/p>\n\n\n\n<p><a href=\"https:\/\/www.elimparcial.es\/noticia\/204772\/sociedad\/telefonica-seat-y-la-dgt-se-unen-para-poner-la-tecnologia-al-servicio-de-la-seguridad-de-los-ciclistas.html\" target=\"_blank\" rel=\"noreferrer noopener\" aria-label=\" (opens in a new tab)\">https:\/\/www.elimparcial.es\/noticia\/204772\/sociedad\/telefonica-seat-y-la-dgt-se-unen-para-poner-la-tecnologia-al-servicio-de-la-seguridad-de-los-ciclistas.html<\/a><\/p>\n\n\n\n<p><a href=\"https:\/\/www.maillotmag.com\/actualidad\/drones-para-detectar-ciclistas-en-la-carretera-y-mejorar-la-seguridad\" target=\"_blank\" rel=\"noreferrer noopener\" aria-label=\" (opens in a new tab)\">https:\/\/www.maillotmag.com\/actualidad\/drones-para-detectar-ciclistas-en-la-carretera-y-mejorar-la-seguridad<\/a><\/p>\n\n\n\n<p><a href=\"https:\/\/www.servimedia.es\/noticias\/1171692\" target=\"_blank\" rel=\"noreferrer noopener\" aria-label=\" (opens in a new tab)\">https:\/\/www.servimedia.es\/noticias\/1171692<\/a><\/p>\n\n\n\n<p><a href=\"https:\/\/www.lacomarcadepuertollano.com\/diario\/noticia\/2019_09_12\/57\" target=\"_blank\" rel=\"noreferrer noopener\" aria-label=\" (opens in a new tab)\">https:\/\/www.lacomarcadepuertollano.com\/diario\/noticia\/2019_09_12\/57<\/a><\/p>\n\n\n\n<p><a href=\"https:\/\/www.ituser.es\/actualidad\/2019\/09\/drones-coches-conectados-e-iot-claves-para-aumentar-la-seguridad-en-las-carreteras-en-el-futuro\" target=\"_blank\" rel=\"noreferrer noopener\" aria-label=\" (opens in a new tab)\">https:\/\/www.ituser.es\/actualidad\/2019\/09\/drones-coches-conectados-e-iot-claves-para-aumentar-la-seguridad-en-las-carreteras-en-el-futuro<\/a><\/p>\n\n\n\n<p><a href=\"https:\/\/www.ptcarretera.es\/drones-coches-conectados-e-iot-claves-para-aumentar-la-seguridad-en-las-carreteras-en-el-futuro\/\" target=\"_blank\" rel=\"noreferrer noopener\" aria-label=\" (opens in a new tab)\">https:\/\/www.ptcarretera.es\/drones-coches-conectados-e-iot-claves-para-aumentar-la-seguridad-en-las-carreteras-en-el-futuro\/<\/a><\/p>\n\n\n\n<h3 class=\"wp-block-heading\">Medio de prensa<\/h3>\n\n\n\n<p>Telef\u00f3nica, Mundo Deportivo, Cadena Ser, SEAT, El Economista.es, El Espa\u00f1ol, La raz\u00f3n, Motorpasi\u00f3n, El d\u00edadigital.es, Xataka, Autoconectado, Blogthinkbig.com, El Imparcial, Beta M\u00f3vil, Triatlon Noticias, Maillot, Servimedia, La Comarca de Puertollano, It User Tech &amp; Business, PTCarretera <\/p>\n\n\n\n<h3 class=\"wp-block-heading\" id=\"mce_3\">Documento<\/h3>\n\n\n\n<div class=\"wp-block-file\"><a href=\"https:\/\/aeorum.com\/wp-content\/uploads\/2020\/01\/Telefonica-19-septiembre-2019.png\">Telefonica &#8211; 19 septiembre 2019<\/a><a href=\"https:\/\/aeorum.com\/wp-content\/uploads\/2020\/01\/Telefonica-19-septiembre-2019.png\" class=\"wp-block-file__button\" download>Download<\/a><\/div>\n\n\n\n<div class=\"wp-block-file\"><a href=\"https:\/\/aeorum.com\/wp-content\/uploads\/2020\/01\/Mundo-deportivo-19-septiembre-2019.png\">Mundo deportivo &#8211; 19 septiembre 2019<\/a><a href=\"https:\/\/aeorum.com\/wp-content\/uploads\/2020\/01\/Mundo-deportivo-19-septiembre-2019.png\" class=\"wp-block-file__button\" download>Download<\/a><\/div>\n\n\n\n<div class=\"wp-block-file\"><a href=\"https:\/\/aeorum.com\/wp-content\/uploads\/2020\/01\/Cadena-SER-19-septiembre-2019.png\">Cadena SER &#8211; 19 septiembre 2019<\/a><a href=\"https:\/\/aeorum.com\/wp-content\/uploads\/2020\/01\/Cadena-SER-19-septiembre-2019.png\" class=\"wp-block-file__button\" download>Download<\/a><\/div>\n\n\n\n<div class=\"wp-block-file\"><a href=\"https:\/\/aeorum.com\/wp-content\/uploads\/2020\/01\/SEAT-19-septiembre-2019.png\">SEAT &#8211; 19 septiembre 2019<\/a><a href=\"https:\/\/aeorum.com\/wp-content\/uploads\/2020\/01\/SEAT-19-septiembre-2019.png\" class=\"wp-block-file__button\" download>Download<\/a><\/div>\n\n\n\n<div class=\"wp-block-file\"><a href=\"https:\/\/aeorum.com\/wp-content\/uploads\/2020\/01\/El-economista-19-septiembre-2019.png\">El economista &#8211; 19 septiembre 2019<\/a><a href=\"https:\/\/aeorum.com\/wp-content\/uploads\/2020\/01\/El-economista-19-septiembre-2019.png\" class=\"wp-block-file__button\" download>Download<\/a><\/div>\n\n\n\n<div class=\"wp-block-file\"><a href=\"https:\/\/aeorum.com\/wp-content\/uploads\/2020\/01\/El-espanol-19-septiembre-2019.png\">El espanol &#8211; 19 septiembre 2019<\/a><a href=\"https:\/\/aeorum.com\/wp-content\/uploads\/2020\/01\/El-espanol-19-septiembre-2019.png\" class=\"wp-block-file__button\" download>Download<\/a><\/div>\n\n\n\n<div class=\"wp-block-file\"><a href=\"https:\/\/aeorum.com\/wp-content\/uploads\/2020\/01\/La-razon-19-septiembre-2019.png\">La razon &#8211; 19 septiembre 2019<\/a><a href=\"https:\/\/aeorum.com\/wp-content\/uploads\/2020\/01\/La-razon-19-septiembre-2019.png\" class=\"wp-block-file__button\" download>Download<\/a><\/div>\n\n\n\n<div class=\"wp-block-file\"><a href=\"https:\/\/aeorum.com\/wp-content\/uploads\/2020\/01\/Motorpasion-19-septiembre-2019.png\">Motorpasion &#8211; 19 septiembre 2019<\/a><a href=\"https:\/\/aeorum.com\/wp-content\/uploads\/2020\/01\/Motorpasion-19-septiembre-2019.png\" class=\"wp-block-file__button\" download>Download<\/a><\/div>\n\n\n\n<div class=\"wp-block-file\"><a href=\"https:\/\/aeorum.com\/wp-content\/uploads\/2020\/01\/El-dia-digital-19-septiembre-2019.png\">El dia digital &#8211; 19 septiembre 2019<\/a><a href=\"https:\/\/aeorum.com\/wp-content\/uploads\/2020\/01\/El-dia-digital-19-septiembre-2019.png\" class=\"wp-block-file__button\" download>Download<\/a><\/div>\n\n\n\n<div class=\"wp-block-file\"><a href=\"https:\/\/aeorum.com\/wp-content\/uploads\/2020\/01\/Xataka-movil-19-septiembre-2019.png\">Xataka movil &#8211; 19 septiembre 2019<\/a><a href=\"https:\/\/aeorum.com\/wp-content\/uploads\/2020\/01\/Xataka-movil-19-septiembre-2019.png\" class=\"wp-block-file__button\" download>Download<\/a><\/div>\n\n\n\n<div class=\"wp-block-file\"><a href=\"https:\/\/aeorum.com\/wp-content\/uploads\/2020\/01\/Zona-movilidad-19-septiembre-2019.png\">Zona movilidad &#8211; 19 septiembre 2019<\/a><a href=\"https:\/\/aeorum.com\/wp-content\/uploads\/2020\/01\/Zona-movilidad-19-septiembre-2019.png\" class=\"wp-block-file__button\" download>Download<\/a><\/div>\n\n\n\n<div class=\"wp-block-file\"><a href=\"https:\/\/aeorum.com\/wp-content\/uploads\/2020\/01\/Blogthinkbig-19-septiembre-2019.png\">Blogthinkbig &#8211; 19 septiembre 2019<\/a><a href=\"https:\/\/aeorum.com\/wp-content\/uploads\/2020\/01\/Blogthinkbig-19-septiembre-2019.png\" class=\"wp-block-file__button\" download>Download<\/a><\/div>\n\n\n\n<div class=\"wp-block-file\"><a href=\"https:\/\/aeorum.com\/wp-content\/uploads\/2020\/01\/El-Imparcial-19-septiembre-2019.png\">El Imparcial &#8211; 19 septiembre 2019<\/a><a href=\"https:\/\/aeorum.com\/wp-content\/uploads\/2020\/01\/El-Imparcial-19-septiembre-2019.png\" class=\"wp-block-file__button\" download>Download<\/a><\/div>\n\n\n\n<div class=\"wp-block-file\"><a href=\"https:\/\/aeorum.com\/wp-content\/uploads\/2020\/01\/Betamovil-19-septiembre-2019.png\">Betamovil &#8211; 19 septiembre 2019<\/a><a href=\"https:\/\/aeorum.com\/wp-content\/uploads\/2020\/01\/Betamovil-19-septiembre-2019.png\" class=\"wp-block-file__button\" download>Download<\/a><\/div>\n\n\n\n<div class=\"wp-block-file\"><a href=\"https:\/\/aeorum.com\/wp-content\/uploads\/2020\/01\/Triatlon-noticias-19-septiembre-2019.png\">Triatlon noticias &#8211; 19 septiembre 2019<\/a><a href=\"https:\/\/aeorum.com\/wp-content\/uploads\/2020\/01\/Triatlon-noticias-19-septiembre-2019.png\" class=\"wp-block-file__button\" download>Download<\/a><\/div>\n\n\n\n<div class=\"wp-block-file\"><a href=\"https:\/\/aeorum.com\/wp-content\/uploads\/2020\/01\/Maillotmag-19-septiembre-2019.png\">Maillotmag &#8211; 19 septiembre 2019<\/a><a href=\"https:\/\/aeorum.com\/wp-content\/uploads\/2020\/01\/Maillotmag-19-septiembre-2019.png\" class=\"wp-block-file__button\" download>Download<\/a><\/div>\n\n\n\n<div class=\"wp-block-file\"><a href=\"https:\/\/aeorum.com\/wp-content\/uploads\/2020\/01\/Servimedia-19-septiembre-2019.png\">Servimedia &#8211; 19 septiembre 2019<\/a><a href=\"https:\/\/aeorum.com\/wp-content\/uploads\/2020\/01\/Servimedia-19-septiembre-2019.png\" class=\"wp-block-file__button\" download>Download<\/a><\/div>\n\n\n\n<div class=\"wp-block-file\"><a href=\"https:\/\/aeorum.com\/wp-content\/uploads\/2020\/01\/La-comarca-de-Puertollano-19-septiembre-2019.png\">La comarca de Puertollano &#8211; 19 septiembre 2019<\/a><a href=\"https:\/\/aeorum.com\/wp-content\/uploads\/2020\/01\/La-comarca-de-Puertollano-19-septiembre-2019.png\" class=\"wp-block-file__button\" download>Download<\/a><\/div>\n\n\n\n<div class=\"wp-block-file\"><a href=\"https:\/\/aeorum.com\/wp-content\/uploads\/2020\/01\/Ituser-19-septiembre-2019.png\">Ituser &#8211; 19 septiembre 2019<\/a><a href=\"https:\/\/aeorum.com\/wp-content\/uploads\/2020\/01\/Ituser-19-septiembre-2019.png\" class=\"wp-block-file__button\" download>Download<\/a><\/div>\n\n\n\n<div class=\"wp-block-file\"><a href=\"https:\/\/aeorum.com\/wp-content\/uploads\/2020\/01\/Ptcarretera-19-septiembre-2019.png\">Ptcarretera &#8211; 19 septiembre 2019<\/a><a href=\"https:\/\/aeorum.com\/wp-content\/uploads\/2020\/01\/Ptcarretera-19-septiembre-2019.png\" class=\"wp-block-file__button\" download>Download<\/a><\/div>\n","protected":false},"excerpt":{"rendered":"<p>Telef\u00f3nica, DGT y SEAT se unen para poner la tecnolog\u00eda IOT al servicio de la seguridad de los ciclistas en la carretera con la colaboraci\u00f3n de Ficosa y Aeorum <\/p>\n","protected":false},"author":1,"featured_media":0,"comment_status":"closed","ping_status":"open","sticky":false,"template":"","format":"standard","meta":{"footnotes":""},"categories":[17],"tags":[],"class_list":["post-1597","post","type-post","status-publish","format-standard","hentry","category-noticias-es"],"_links":{"self":[{"href":"https:\/\/aeorum.com\/index.php\/wp-json\/wp\/v2\/posts\/1597","targetHints":{"allow":["GET"]}}],"collection":[{"href":"https:\/\/aeorum.com\/index.php\/wp-json\/wp\/v2\/posts"}],"about":[{"href":"https:\/\/aeorum.com\/index.php\/wp-json\/wp\/v2\/types\/post"}],"author":[{"embeddable":true,"href":"https:\/\/aeorum.com\/index.php\/wp-json\/wp\/v2\/users\/1"}],"replies":[{"embeddable":true,"href":"https:\/\/aeorum.com\/index.php\/wp-json\/wp\/v2\/comments?post=1597"}],"version-history":[{"count":3,"href":"https:\/\/aeorum.com\/index.php\/wp-json\/wp\/v2\/posts\/1597\/revisions"}],"predecessor-version":[{"id":1996,"href":"https:\/\/aeorum.com\/index.php\/wp-json\/wp\/v2\/posts\/1597\/revisions\/1996"}],"wp:attachment":[{"href":"https:\/\/aeorum.com\/index.php\/wp-json\/wp\/v2\/media?parent=1597"}],"wp:term":[{"taxonomy":"category","embeddable":true,"href":"https:\/\/aeorum.com\/index.php\/wp-json\/wp\/v2\/categories?post=1597"},{"taxonomy":"post_tag","embeddable":true,"href":"https:\/\/aeorum.com\/index.php\/wp-json\/wp\/v2\/tags?post=1597"}],"curies":[{"name":"wp","href":"https:\/\/api.w.org\/{rel}","templated":true}]}}